{"id":17466,"date":"2024-08-20T16:01:06","date_gmt":"2024-08-20T14:01:06","guid":{"rendered":"https:\/\/vinohauser.ch\/?p=17466"},"modified":"2024-08-20T16:01:06","modified_gmt":"2024-08-20T14:01:06","slug":"naechste-anlaesse-3","status":"publish","type":"post","link":"https:\/\/vinohauser.ch\/de\/naechste-anlaesse-3\/","title":{"rendered":"N\u00e4chste Anl\u00e4sse"},"content":{"rendered":"<p>Die Erntezeit ist wieder einmal er\u00f6ffnet und bald beginnen die Herbstmessen.<\/p>\n<p>Dieses Jahr finden Sie uns auf:<\/p>\n<p>25.08.2024-26.08.2024 <a href=\"https:\/\/www.swiss-wine-tasting.ch\" target=\"_blank\" rel=\"noopener\">Swiss Wine Tasting<\/a> Kunsthaus Z\u00fcrich<\/p>\n<p>30.08.2024-31.08.2024 <a href=\"https:\/\/planscher.ch\" target=\"_blank\" rel=\"noopener\">Planscher<\/a> Weinfestival Z\u00fcrich<\/p>\n<p>05.09.2024-08.09.2024 <a href=\"https:\/\/perbaccobellinzona.ch\" target=\"_blank\" rel=\"noopener\">Perbacco<\/a> Bellinzona<\/p>\n<p>12.09.2024-15.09.2023 <a href=\"https:\/\/www.winedate.ch\/luzern\" target=\"_blank\" rel=\"noopener\">WINEDATE<\/a> Luzern<\/p>\n<p>11.10.2024-20.10.2024 <a href=\"https:\/\/www.bernerweinmesse.ch\" target=\"_blank\" rel=\"noopener\">Berner Weinmesse<\/a> Bern<\/p>\n<p>31.10.2024-14.11.2024 <a href=\"https:\/\/expovina.ch\/de-ch\/weinschiff\" target=\"_blank\" rel=\"noopener\">Expovina Weinschiffe<\/a> Z\u00fcrich<\/p>\n<p>F\u00fcr Tickets und Informationen schreiben Sie an <a href=\"mailto:info@vinohauser.ch\" target=\"_blank\" rel=\"noopener\">info@vinohauser.ch<\/a><\/p>\n<p>Wir freuen uns auf Ihren Besuch<\/p>\n<p>Urs Hauser &amp; Team<\/p>\n","protected":false},"excerpt":{"rendered":"<p>Die Erntezeit ist wieder einmal er\u00f6ffnet und bald beginnen die Herbstmessen. Dieses Jahr finden Sie uns auf: 25.08.2024-26.08.2024 Swiss Wine Tasting Kunsthaus Z\u00fcrich 30.08.2024-31.08.2024 Planscher Weinfestival Z\u00fcrich 05.09.2024-08.09.2024 Perbacco Bellinzona 12.09.2024-15.09.2023 WINEDATE Luzern 11.10.2024-20.10.2024 Berner Weinmesse Bern 31.10.2024-14.11.2024 Expovina Weinschiffe Z\u00fcrich F\u00fcr Tickets und Informationen schreiben Sie an info@vinohauser.ch Wir freuen uns auf Ihren Besuch Urs Hauser &amp; Team<\/p>\n","protected":false},"author":13,"featured_media":0,"comment_status":"closed","ping_status":"closed","sticky":false,"template":"","format":"standard","meta":{"footnotes":""},"categories":[8],"tags":[],"yoast_head":"<!-- This site is optimized with the Yoast SEO plugin v21.3 - https:\/\/yoast.com\/wordpress\/plugins\/seo\/ -->\n<title>N\u00e4chste Anl\u00e4sse<\/title>\n<meta name=\"description\" content=\"Die Erntezeit ist wieder einmal er\u00f6ffnet und bald beginnen die Herbstmessen. Dieses Jahr finden Sie uns auf: 25.08.2024-26.08.2024 Swiss Wine Tasting N\u00e4chste Anl\u00e4sse\" \/>\n<meta name=\"robots\" content=\"index, follow, max-snippet:-1, max-image-preview:large, max-video-preview:-1\" \/>\n<link rel=\"canonical\" href=\"https:\/\/vinohauser.ch\/de\/naechste-anlaesse-3\/\" \/>\n<meta property=\"og:locale\" content=\"de_DE\" \/>\n<meta property=\"og:type\" content=\"article\" \/>\n<meta property=\"og:title\" content=\"N\u00e4chste Anl\u00e4sse\" \/>\n<meta property=\"og:description\" content=\"Die Erntezeit ist wieder einmal er\u00f6ffnet und bald beginnen die Herbstmessen. Dieses Jahr finden Sie uns auf: 25.08.2024-26.08.2024 Swiss Wine Tasting N\u00e4chste Anl\u00e4sse\" \/>\n<meta property=\"og:url\" content=\"https:\/\/vinohauser.ch\/de\/naechste-anlaesse-3\/\" \/>\n<meta property=\"og:site_name\" content=\"Vino Hauser\" \/>\n<meta property=\"article:published_time\" content=\"2024-08-20T14:01:06+00:00\" \/>\n<meta property=\"og:image\" content=\"https:\/\/vinohauser.ch\/wp-content\/uploads\/2016\/09\/Logo_For_Facebook.jpg\" \/>\n\t<meta property=\"og:image:width\" content=\"1200\" \/>\n\t<meta property=\"og:image:height\" content=\"630\" \/>\n\t<meta property=\"og:image:type\" content=\"image\/jpeg\" \/>\n<meta name=\"author\" content=\"Urs Hauser\" \/>\n<meta name=\"twitter:card\" content=\"summary_large_image\" \/>\n<meta name=\"twitter:label1\" content=\"Verfasst von\" \/>\n\t<meta name=\"twitter:data1\" content=\"Urs Hauser\" \/>\n\t<meta name=\"twitter:label2\" content=\"Gesch\u00e4tzte Lesezeit\" \/>\n\t<meta name=\"twitter:data2\" content=\"1\u00a0Minute\" \/>\n<script type=\"application\/ld+json\" class=\"yoast-schema-graph\">{\"@context\":\"https:\/\/schema.org\",\"@graph\":[{\"@type\":\"Article\",\"@id\":\"https:\/\/vinohauser.ch\/de\/naechste-anlaesse-3\/#article\",\"isPartOf\":{\"@id\":\"https:\/\/vinohauser.ch\/de\/naechste-anlaesse-3\/\"},\"author\":{\"name\":\"Urs Hauser\",\"@id\":\"https:\/\/vinohauser.ch\/#\/schema\/person\/f94540cfdbe3439ba9ba02cbaf70829d\"},\"headline\":\"N\u00e4chste Anl\u00e4sse\",\"datePublished\":\"2024-08-20T14:01:06+00:00\",\"dateModified\":\"2024-08-20T14:01:06+00:00\",\"mainEntityOfPage\":{\"@id\":\"https:\/\/vinohauser.ch\/de\/naechste-anlaesse-3\/\"},\"wordCount\":70,\"publisher\":{\"@id\":\"https:\/\/vinohauser.ch\/#organization\"},\"articleSection\":[\"News\"],\"inLanguage\":\"de\"},{\"@type\":\"WebPage\",\"@id\":\"https:\/\/vinohauser.ch\/de\/naechste-anlaesse-3\/\",\"url\":\"https:\/\/vinohauser.ch\/de\/naechste-anlaesse-3\/\",\"name\":\"N\u00e4chste Anl\u00e4sse\",\"isPartOf\":{\"@id\":\"https:\/\/vinohauser.ch\/#website\"},\"datePublished\":\"2024-08-20T14:01:06+00:00\",\"dateModified\":\"2024-08-20T14:01:06+00:00\",\"description\":\"Die Erntezeit ist wieder einmal er\u00f6ffnet und bald beginnen die Herbstmessen. Dieses Jahr finden Sie uns auf: 25.08.2024-26.08.2024 Swiss Wine Tasting N\u00e4chste Anl\u00e4sse\",\"breadcrumb\":{\"@id\":\"https:\/\/vinohauser.ch\/de\/naechste-anlaesse-3\/#breadcrumb\"},\"inLanguage\":\"de\",\"potentialAction\":[{\"@type\":\"ReadAction\",\"target\":[\"https:\/\/vinohauser.ch\/de\/naechste-anlaesse-3\/\"]}]},{\"@type\":\"BreadcrumbList\",\"@id\":\"https:\/\/vinohauser.ch\/de\/naechste-anlaesse-3\/#breadcrumb\",\"itemListElement\":[{\"@type\":\"ListItem\",\"position\":1,\"name\":\"Home\",\"item\":\"https:\/\/vinohauser.ch\/de\/\"},{\"@type\":\"ListItem\",\"position\":2,\"name\":\"N\u00e4chste Anl\u00e4sse\"}]},{\"@type\":\"WebSite\",\"@id\":\"https:\/\/vinohauser.ch\/#website\",\"url\":\"https:\/\/vinohauser.ch\/\",\"name\":\"Vino Hauser\",\"description\":\"Urs Hauser Vitivinicoltore\",\"publisher\":{\"@id\":\"https:\/\/vinohauser.ch\/#organization\"},\"alternateName\":\"Urs Hauser Vitivinicoltore\",\"potentialAction\":[{\"@type\":\"SearchAction\",\"target\":{\"@type\":\"EntryPoint\",\"urlTemplate\":\"https:\/\/vinohauser.ch\/?s={search_term_string}\"},\"query-input\":\"required name=search_term_string\"}],\"inLanguage\":\"de\"},{\"@type\":\"Organization\",\"@id\":\"https:\/\/vinohauser.ch\/#organization\",\"name\":\"Vino Hauser\",\"alternateName\":\"Urs Hauser Vitivinicoltore\",\"url\":\"https:\/\/vinohauser.ch\/\",\"logo\":{\"@type\":\"ImageObject\",\"inLanguage\":\"de\",\"@id\":\"https:\/\/vinohauser.ch\/#\/schema\/logo\/image\/\",\"url\":\"https:\/\/vinohauser.ch\/wp-content\/uploads\/2017\/05\/cropped-favicon_Vino_Hauser.png\",\"contentUrl\":\"https:\/\/vinohauser.ch\/wp-content\/uploads\/2017\/05\/cropped-favicon_Vino_Hauser.png\",\"width\":512,\"height\":512,\"caption\":\"Vino Hauser\"},\"image\":{\"@id\":\"https:\/\/vinohauser.ch\/#\/schema\/logo\/image\/\"}},{\"@type\":\"Person\",\"@id\":\"https:\/\/vinohauser.ch\/#\/schema\/person\/f94540cfdbe3439ba9ba02cbaf70829d\",\"name\":\"Urs Hauser\",\"sameAs\":[\"http:\/\/vinohauser.ch\"]}]}<\/script>\n<!-- \/ Yoast SEO plugin. -->","yoast_head_json":{"title":"N\u00e4chste Anl\u00e4sse","description":"Die Erntezeit ist wieder einmal er\u00f6ffnet und bald beginnen die Herbstmessen. Dieses Jahr finden Sie uns auf: 25.08.2024-26.08.2024 Swiss Wine Tasting N\u00e4chste Anl\u00e4sse","robots":{"index":"index","follow":"follow","max-snippet":"max-snippet:-1","max-image-preview":"max-image-preview:large","max-video-preview":"max-video-preview:-1"},"canonical":"https:\/\/vinohauser.ch\/de\/naechste-anlaesse-3\/","og_locale":"de_DE","og_type":"article","og_title":"N\u00e4chste Anl\u00e4sse","og_description":"Die Erntezeit ist wieder einmal er\u00f6ffnet und bald beginnen die Herbstmessen. Dieses Jahr finden Sie uns auf: 25.08.2024-26.08.2024 Swiss Wine Tasting N\u00e4chste Anl\u00e4sse","og_url":"https:\/\/vinohauser.ch\/de\/naechste-anlaesse-3\/","og_site_name":"Vino Hauser","article_published_time":"2024-08-20T14:01:06+00:00","og_image":[{"width":1200,"height":630,"url":"https:\/\/vinohauser.ch\/wp-content\/uploads\/2016\/09\/Logo_For_Facebook.jpg","type":"image\/jpeg"}],"author":"Urs Hauser","twitter_card":"summary_large_image","twitter_misc":{"Verfasst von":"Urs Hauser","Gesch\u00e4tzte Lesezeit":"1\u00a0Minute"},"schema":{"@context":"https:\/\/schema.org","@graph":[{"@type":"Article","@id":"https:\/\/vinohauser.ch\/de\/naechste-anlaesse-3\/#article","isPartOf":{"@id":"https:\/\/vinohauser.ch\/de\/naechste-anlaesse-3\/"},"author":{"name":"Urs Hauser","@id":"https:\/\/vinohauser.ch\/#\/schema\/person\/f94540cfdbe3439ba9ba02cbaf70829d"},"headline":"N\u00e4chste Anl\u00e4sse","datePublished":"2024-08-20T14:01:06+00:00","dateModified":"2024-08-20T14:01:06+00:00","mainEntityOfPage":{"@id":"https:\/\/vinohauser.ch\/de\/naechste-anlaesse-3\/"},"wordCount":70,"publisher":{"@id":"https:\/\/vinohauser.ch\/#organization"},"articleSection":["News"],"inLanguage":"de"},{"@type":"WebPage","@id":"https:\/\/vinohauser.ch\/de\/naechste-anlaesse-3\/","url":"https:\/\/vinohauser.ch\/de\/naechste-anlaesse-3\/","name":"N\u00e4chste Anl\u00e4sse","isPartOf":{"@id":"https:\/\/vinohauser.ch\/#website"},"datePublished":"2024-08-20T14:01:06+00:00","dateModified":"2024-08-20T14:01:06+00:00","description":"Die Erntezeit ist wieder einmal er\u00f6ffnet und bald beginnen die Herbstmessen. Dieses Jahr finden Sie uns auf: 25.08.2024-26.08.2024 Swiss Wine Tasting N\u00e4chste Anl\u00e4sse","breadcrumb":{"@id":"https:\/\/vinohauser.ch\/de\/naechste-anlaesse-3\/#breadcrumb"},"inLanguage":"de","potentialAction":[{"@type":"ReadAction","target":["https:\/\/vinohauser.ch\/de\/naechste-anlaesse-3\/"]}]},{"@type":"BreadcrumbList","@id":"https:\/\/vinohauser.ch\/de\/naechste-anlaesse-3\/#breadcrumb","itemListElement":[{"@type":"ListItem","position":1,"name":"Home","item":"https:\/\/vinohauser.ch\/de\/"},{"@type":"ListItem","position":2,"name":"N\u00e4chste Anl\u00e4sse"}]},{"@type":"WebSite","@id":"https:\/\/vinohauser.ch\/#website","url":"https:\/\/vinohauser.ch\/","name":"Vino Hauser","description":"Urs Hauser Vitivinicoltore","publisher":{"@id":"https:\/\/vinohauser.ch\/#organization"},"alternateName":"Urs Hauser Vitivinicoltore","potentialAction":[{"@type":"SearchAction","target":{"@type":"EntryPoint","urlTemplate":"https:\/\/vinohauser.ch\/?s={search_term_string}"},"query-input":"required name=search_term_string"}],"inLanguage":"de"},{"@type":"Organization","@id":"https:\/\/vinohauser.ch\/#organization","name":"Vino Hauser","alternateName":"Urs Hauser Vitivinicoltore","url":"https:\/\/vinohauser.ch\/","logo":{"@type":"ImageObject","inLanguage":"de","@id":"https:\/\/vinohauser.ch\/#\/schema\/logo\/image\/","url":"https:\/\/vinohauser.ch\/wp-content\/uploads\/2017\/05\/cropped-favicon_Vino_Hauser.png","contentUrl":"https:\/\/vinohauser.ch\/wp-content\/uploads\/2017\/05\/cropped-favicon_Vino_Hauser.png","width":512,"height":512,"caption":"Vino Hauser"},"image":{"@id":"https:\/\/vinohauser.ch\/#\/schema\/logo\/image\/"}},{"@type":"Person","@id":"https:\/\/vinohauser.ch\/#\/schema\/person\/f94540cfdbe3439ba9ba02cbaf70829d","name":"Urs Hauser","sameAs":["http:\/\/vinohauser.ch"]}]}},"_links":{"self":[{"href":"https:\/\/vinohauser.ch\/de\/wp-json\/wp\/v2\/posts\/17466\/"}],"collection":[{"href":"https:\/\/vinohauser.ch\/de\/wp-json\/wp\/v2\/posts\/"}],"about":[{"href":"https:\/\/vinohauser.ch\/de\/wp-json\/wp\/v2\/types\/post\/"}],"author":[{"embeddable":true,"href":"https:\/\/vinohauser.ch\/de\/wp-json\/wp\/v2\/users\/13\/"}],"replies":[{"embeddable":true,"href":"https:\/\/vinohauser.ch\/de\/wp-json\/wp\/v2\/comments\/?post=17466"}],"version-history":[{"count":1,"href":"https:\/\/vinohauser.ch\/de\/wp-json\/wp\/v2\/posts\/17466\/revisions\/"}],"predecessor-version":[{"id":17467,"href":"https:\/\/vinohauser.ch\/de\/wp-json\/wp\/v2\/posts\/17466\/revisions\/17467\/"}],"wp:attachment":[{"href":"https:\/\/vinohauser.ch\/de\/wp-json\/wp\/v2\/media\/?parent=17466"}],"wp:term":[{"taxonomy":"category","embeddable":true,"href":"https:\/\/vinohauser.ch\/de\/wp-json\/wp\/v2\/categories\/?post=17466"},{"taxonomy":"post_tag","embeddable":true,"href":"https:\/\/vinohauser.ch\/de\/wp-json\/wp\/v2\/tags\/?post=17466"}],"curies":[{"name":"wp","href":"https:\/\/api.w.org\/{rel}","templated":true}]}}