{"id":17049,"date":"2020-03-07T10:59:12","date_gmt":"2020-03-07T09:59:12","guid":{"rendered":"https:\/\/vinohauser.ch\/?p=17049"},"modified":"2020-03-07T11:01:18","modified_gmt":"2020-03-07T10:01:18","slug":"news-maerz","status":"publish","type":"post","link":"https:\/\/vinohauser.ch\/de\/news-maerz\/","title":{"rendered":"News M\u00e4rz"},"content":{"rendered":"<p>[spb_text_block animation=&#8220;none&#8220; animation_delay=&#8220;0&#8243; simplified_controls=&#8220;yes&#8220; custom_css_percentage=&#8220;no&#8220; padding_vertical=&#8220;0&#8243; padding_horizontal=&#8220;0&#8243; margin_vertical=&#8220;0&#8243; custom_css=&#8220;margin-top: 0px;margin-bottom: 0px;&#8220; border_size=&#8220;0&#8243; border_styling_global=&#8220;default&#8220; width=&#8220;1\/1&#8243; el_position=&#8220;first last&#8220;]<\/p>\n<p><strong>Care amiche e cari amici unserer Weine<\/strong><\/p>\n<p>Dank dem trockenen Wetter im Januar und Februar sind wir mit den j\u00e4hrlichen Winterarbeiten gut<\/p>\n<p>vorangekommen, aber immer noch nicht fertig. Zur Zeit sind wir am Schneiden und Binden der Reben, Reparieren der Rebanlagen und am Zur\u00fcckschneiden des, an die Rebberge angrenzenden Waldes.<\/p>\n<p>Nach einem Jahr Probe im 2019, haben wir ab diesem Jahr die <strong>Rebberge von Stefano Fuso<\/strong> in Gordola, Gerra Piano, Agarone, Cugnasco und Gudo \u00fcbernommen. Es sind etwa 2.5 Hektar an steiler S\u00fcdhanglage, die zu unseren Rebbergen in Contone dazu kommen und gesamt bearbeiten wir nun etwa 7 Hektar. Die H\u00e4lfte dieser neuen Rebberge bauen wir in den n\u00e4chsten zwei Jahren um und pflanzen nebst Merlot vor allem Cabernet Franc und Cabernet Sauvignon.<\/p>\n<p>Stefano Fuso ist seit 25 Jahren Weinbauer im Tessin und hat mit seinen Weinen diverse Auszeichnungen erhalten. Letztes Jahr erreichte sein \u00abLe Cime 2016\u00bb an den Mondial du Merlot denersten Platz und war bester Wein des Wettbewerbes. Unser \u00abDopo Mezzanotte 2015\u00bb wurde Zweiter. Ab diesem Jahr arbeitet Stefano vollzeitlich in unserem Team und sein \u00abLe Cime\u00bb geh\u00f6rt\u00a0 ab 2017 zu unseren Rotweinen. Wir freuen uns gemeinsam \u00fcber unsere zuk\u00fcnftigen Weinprojekte.<\/p>\n<p>Die <strong>2015er Rotweine<\/strong> sind ausverkauft und wir beginnen ab April 2020 mit dem Verkauf der <strong>2016er<\/strong>. Die neuen Jahrg\u00e4nge, weiss und rot, bekommen ein neues Aussehen. Die <strong>neu gestalteten Etiketten<\/strong> sind unser gew\u00fcnschtes Resultat einer einj\u00e4hrigen Zusammenarbeit mit dem Z\u00fcrcher <strong>Grafiker Adrian Ehrat<\/strong> und dem <strong>K\u00fcnstler Alexis Saile<\/strong>. Im M\u00e4rz stellen wir die neuen Jahrg\u00e4nge und Etiketten vor, n\u00e4heres weiter unten.<\/p>\n<p>[\/spb_text_block] [spb_text_block animation=&#8220;none&#8220; animation_delay=&#8220;0&#8243; simplified_controls=&#8220;yes&#8220; custom_css_percentage=&#8220;no&#8220; padding_vertical=&#8220;0&#8243; padding_horizontal=&#8220;0&#8243; margin_vertical=&#8220;0&#8243; custom_css=&#8220;margin-top: 0px;margin-bottom: 0px;&#8220; border_size=&#8220;0&#8243; border_styling_global=&#8220;default&#8220; width=&#8220;1\/1&#8243; el_position=&#8220;first last&#8220;]<\/p>\n<h2><strong>Anl\u00e4sse im ersten Halbjahr 2020<\/strong><\/h2>\n<p>[\/spb_text_block] [spb_text_block animation=&#8220;none&#8220; animation_delay=&#8220;0&#8243; simplified_controls=&#8220;yes&#8220; custom_css_percentage=&#8220;no&#8220; padding_vertical=&#8220;0&#8243; padding_horizontal=&#8220;0&#8243; margin_vertical=&#8220;0&#8243; custom_css=&#8220;margin-top: 0px;margin-bottom: 0px;&#8220; border_size=&#8220;0&#8243; border_styling_global=&#8220;default&#8220; width=&#8220;1\/1&#8243; el_position=&#8220;first last&#8220;]<\/p>\n<h4><strong>18.03.2020<\/strong><\/h4>\n<p><strong>Pr\u00e4sentation der neuen Etiketten und Jahrg\u00e4nge im Ristorante \u00abEnoteca\u00bb, Contrada Maggiore 24, 6616 Losone, 18.00 Uhr: <\/strong>Reservation bei <a href=\"mailto:info@osteriaenoteca.ch\">info@osteriaenoteca.ch<\/a><\/p>\n<p>[\/spb_text_block] [spb_blank_spacer height=&#8220;30px&#8220; responsive_vis=&#8220;hidden-xs&#8220; width=&#8220;1\/4&#8243; el_position=&#8220;first&#8220;] [spb_image image=&#8220;17026&#8243; image_size=&#8220;blog-image&#8220; frame=&#8220;noframe&#8220; caption_pos=&#8220;hover&#8220; remove_rounded=&#8220;yes&#8220; fullwidth=&#8220;no&#8220; overflow_mode=&#8220;none&#8220; link_target=&#8220;_self&#8220; lightbox=&#8220;yes&#8220; intro_animation=&#8220;none&#8220; animation_delay=&#8220;200&#8243; width=&#8220;1\/2&#8243;][\/spb_image] [spb_blank_spacer height=&#8220;30px&#8220; responsive_vis=&#8220;hidden-xs&#8220; width=&#8220;1\/4&#8243; el_position=&#8220;last&#8220;] [spb_text_block animation=&#8220;none&#8220; animation_delay=&#8220;0&#8243; simplified_controls=&#8220;yes&#8220; custom_css_percentage=&#8220;no&#8220; padding_vertical=&#8220;0&#8243; padding_horizontal=&#8220;0&#8243; margin_vertical=&#8220;0&#8243; custom_css=&#8220;margin-top: 0px;margin-bottom: 0px;&#8220; border_size=&#8220;0&#8243; border_styling_global=&#8220;default&#8220; width=&#8220;1\/1&#8243; el_position=&#8220;first last&#8220;]<\/p>\n<h4><strong>21.03.2020<\/strong><\/h4>\n<p><strong>Pr\u00e4sentation der neuen Etiketten und Jahrg\u00e4nge im Restaurant \u00abZunfthaus \u00a0zur Waag\u00bb, M\u00fcnsterhof 8, 8001 Z\u00fcrich, 18.00 Uhr<\/strong> Reservation bei <a href=\"mailto:reservation@zunfthaus-zur-waag.ch\">reservation@zunfthaus-zur-waag.ch<\/a><\/p>\n<p>[\/spb_text_block] [spb_blank_spacer height=&#8220;30px&#8220; responsive_vis=&#8220;hidden-xs&#8220; width=&#8220;1\/4&#8243; el_position=&#8220;first&#8220;] [spb_image image=&#8220;17035&#8243; image_size=&#8220;blog-image&#8220; frame=&#8220;noframe&#8220; caption_pos=&#8220;hover&#8220; remove_rounded=&#8220;yes&#8220; fullwidth=&#8220;no&#8220; overflow_mode=&#8220;none&#8220; link_target=&#8220;_self&#8220; lightbox=&#8220;yes&#8220; intro_animation=&#8220;none&#8220; animation_delay=&#8220;200&#8243; width=&#8220;1\/2&#8243;][\/spb_image] [spb_blank_spacer height=&#8220;30px&#8220; responsive_vis=&#8220;hidden-xs&#8220; width=&#8220;1\/4&#8243; el_position=&#8220;last&#8220;] [spb_text_block animation=&#8220;none&#8220; animation_delay=&#8220;0&#8243; simplified_controls=&#8220;yes&#8220; custom_css_percentage=&#8220;no&#8220; padding_vertical=&#8220;0&#8243; padding_horizontal=&#8220;0&#8243; margin_vertical=&#8220;0&#8243; custom_css=&#8220;margin-top: 0px;margin-bottom: 0px;&#8220; border_size=&#8220;0&#8243; border_styling_global=&#8220;default&#8220; width=&#8220;1\/1&#8243; el_position=&#8220;first last&#8220;]<\/p>\n<h4><strong>07.05-14.05.2020<\/strong><\/h4>\n<p><strong>EXPOVINA PRIMAVERA, <\/strong>Weinmesse im Puls 5 in Z\u00fcrich (Gratiseintrittskarten, bitte im voraus bei <a href=\"mailto:info@vinohauser.ch\">info@vinohauser.ch<\/a> bestellen)<\/p>\n<p>[\/spb_text_block] [spb_text_block animation=&#8220;none&#8220; animation_delay=&#8220;0&#8243; simplified_controls=&#8220;yes&#8220; custom_css_percentage=&#8220;no&#8220; padding_vertical=&#8220;0&#8243; padding_horizontal=&#8220;0&#8243; margin_vertical=&#8220;0&#8243; custom_css=&#8220;margin-top: 0px;margin-bottom: 0px;&#8220; border_size=&#8220;0&#8243; border_styling_global=&#8220;default&#8220; width=&#8220;1\/1&#8243; el_position=&#8220;first last&#8220;]<\/p>\n<h4><strong>30.05-31.05.2020<\/strong><\/h4>\n<p><strong>CANTINA APERTA, 10.00-18.00 Uhr,<\/strong> Tag der \u00ab<strong>offenen Weinkeller<\/strong>\u00bb bei uns in Via Cantonale 42 in Contone, unser <strong>Jahres-Highlight<\/strong>: Degustation unserer Weine, Mittagessen (Spargelsalat, Kalbsvoressen, Kartoffelgratin, Gem\u00fcse, Dessert f\u00fcr 25 Franken), Reservation \u00a0bei <a href=\"mailto:info@vinohauser.ch\">info@vinohauser.ch<\/a> \u00a0ist erw\u00fcnscht da die Pl\u00e4tze f\u00fcr das Mittagsessen beschr\u00e4nkt sind.<\/p>\n<p>[\/spb_text_block] [spb_text_block animation=&#8220;none&#8220; animation_delay=&#8220;0&#8243; simplified_controls=&#8220;yes&#8220; custom_css_percentage=&#8220;no&#8220; padding_vertical=&#8220;0&#8243; padding_horizontal=&#8220;0&#8243; margin_vertical=&#8220;0&#8243; custom_css=&#8220;margin-top: 0px;margin-bottom: 0px;&#8220; border_size=&#8220;0&#8243; border_styling_global=&#8220;default&#8220; width=&#8220;1\/1&#8243; el_position=&#8220;first last&#8220;]<\/p>\n<p>Wir w\u00fcrden uns riesig freuen <strong>Euch<\/strong> zu begr\u00fcssen, Team Vino Urs Hauser<\/p>\n<p>[\/spb_text_block]<\/p>\n","protected":false},"excerpt":{"rendered":"<p>[spb_text_block animation=&#8220;none&#8220; animation_delay=&#8220;0&#8243; simplified_controls=&#8220;yes&#8220; custom_css_percentage=&#8220;no&#8220; padding_vertical=&#8220;0&#8243; padding_horizontal=&#8220;0&#8243; margin_vertical=&#8220;0&#8243; custom_css=&#8220;margin-top: 0px;margin-bottom: 0px;&#8220; border_size=&#8220;0&#8243; border_styling_global=&#8220;default&#8220; width=&#8220;1\/1&#8243; el_position=&#8220;first last&#8220;] Care amiche e cari amici unserer Weine Dank dem trockenen Wetter im Januar und Februar sind wir mit den j\u00e4hrlichen Winterarbeiten gut vorangekommen, aber immer noch nicht fertig. Zur Zeit sind wir am Schneiden und Binden der Reben, Reparieren der Rebanlagen und am Zur\u00fcckschneiden [&hellip;]<\/p>\n","protected":false},"author":13,"featured_media":0,"comment_status":"closed","ping_status":"open","sticky":false,"template":"","format":"standard","meta":{"footnotes":""},"categories":[8],"tags":[],"yoast_head":"<!-- This site is optimized with the Yoast SEO plugin v21.3 - https:\/\/yoast.com\/wordpress\/plugins\/seo\/ -->\n<title>News M\u00e4rz<\/title>\n<meta name=\"description\" content=\"Care amiche e cari amici unserer Weine Dank dem trockenen Wetter im Januar und Februar sind wir mit den j\u00e4hrlichen Winterarbeiten gut vorangekommen, aber\" \/>\n<meta name=\"robots\" content=\"index, follow, max-snippet:-1, max-image-preview:large, max-video-preview:-1\" \/>\n<link rel=\"canonical\" href=\"https:\/\/vinohauser.ch\/de\/news-maerz\/\" \/>\n<meta property=\"og:locale\" content=\"de_DE\" \/>\n<meta property=\"og:type\" content=\"article\" \/>\n<meta property=\"og:title\" content=\"News M\u00e4rz\" \/>\n<meta property=\"og:description\" content=\"Care amiche e cari amici unserer Weine Dank dem trockenen Wetter im Januar und Februar sind wir mit den j\u00e4hrlichen Winterarbeiten gut vorangekommen, aber\" \/>\n<meta property=\"og:url\" content=\"https:\/\/vinohauser.ch\/de\/news-maerz\/\" \/>\n<meta property=\"og:site_name\" content=\"Vino Hauser\" \/>\n<meta property=\"article:published_time\" content=\"2020-03-07T09:59:12+00:00\" \/>\n<meta property=\"article:modified_time\" content=\"2020-03-07T10:01:18+00:00\" \/>\n<meta property=\"og:image\" content=\"https:\/\/vinohauser.ch\/wp-content\/uploads\/2016\/09\/Logo_For_Facebook.jpg\" \/>\n\t<meta property=\"og:image:width\" content=\"1200\" \/>\n\t<meta property=\"og:image:height\" content=\"630\" \/>\n\t<meta property=\"og:image:type\" content=\"image\/jpeg\" \/>\n<meta name=\"author\" content=\"Urs Hauser\" \/>\n<meta name=\"twitter:card\" content=\"summary_large_image\" \/>\n<meta name=\"twitter:label1\" content=\"Verfasst von\" \/>\n\t<meta name=\"twitter:data1\" content=\"Urs Hauser\" \/>\n\t<meta name=\"twitter:label2\" content=\"Gesch\u00e4tzte Lesezeit\" \/>\n\t<meta name=\"twitter:data2\" content=\"4\u00a0Minuten\" \/>\n<script type=\"application\/ld+json\" class=\"yoast-schema-graph\">{\"@context\":\"https:\/\/schema.org\",\"@graph\":[{\"@type\":\"Article\",\"@id\":\"https:\/\/vinohauser.ch\/de\/news-maerz\/#article\",\"isPartOf\":{\"@id\":\"https:\/\/vinohauser.ch\/de\/news-maerz\/\"},\"author\":{\"name\":\"Urs Hauser\",\"@id\":\"https:\/\/vinohauser.ch\/#\/schema\/person\/f94540cfdbe3439ba9ba02cbaf70829d\"},\"headline\":\"News M\u00e4rz\",\"datePublished\":\"2020-03-07T09:59:12+00:00\",\"dateModified\":\"2020-03-07T10:01:18+00:00\",\"mainEntityOfPage\":{\"@id\":\"https:\/\/vinohauser.ch\/de\/news-maerz\/\"},\"wordCount\":786,\"publisher\":{\"@id\":\"https:\/\/vinohauser.ch\/#organization\"},\"articleSection\":[\"News\"],\"inLanguage\":\"de\"},{\"@type\":\"WebPage\",\"@id\":\"https:\/\/vinohauser.ch\/de\/news-maerz\/\",\"url\":\"https:\/\/vinohauser.ch\/de\/news-maerz\/\",\"name\":\"News M\u00e4rz\",\"isPartOf\":{\"@id\":\"https:\/\/vinohauser.ch\/#website\"},\"datePublished\":\"2020-03-07T09:59:12+00:00\",\"dateModified\":\"2020-03-07T10:01:18+00:00\",\"description\":\"Care amiche e cari amici unserer Weine Dank dem trockenen Wetter im Januar und Februar sind wir mit den j\u00e4hrlichen Winterarbeiten gut vorangekommen, aber\",\"breadcrumb\":{\"@id\":\"https:\/\/vinohauser.ch\/de\/news-maerz\/#breadcrumb\"},\"inLanguage\":\"de\",\"potentialAction\":[{\"@type\":\"ReadAction\",\"target\":[\"https:\/\/vinohauser.ch\/de\/news-maerz\/\"]}]},{\"@type\":\"BreadcrumbList\",\"@id\":\"https:\/\/vinohauser.ch\/de\/news-maerz\/#breadcrumb\",\"itemListElement\":[{\"@type\":\"ListItem\",\"position\":1,\"name\":\"Home\",\"item\":\"https:\/\/vinohauser.ch\/de\/\"},{\"@type\":\"ListItem\",\"position\":2,\"name\":\"News M\u00e4rz\"}]},{\"@type\":\"WebSite\",\"@id\":\"https:\/\/vinohauser.ch\/#website\",\"url\":\"https:\/\/vinohauser.ch\/\",\"name\":\"Vino Hauser\",\"description\":\"Urs Hauser Vitivinicoltore\",\"publisher\":{\"@id\":\"https:\/\/vinohauser.ch\/#organization\"},\"alternateName\":\"Urs Hauser Vitivinicoltore\",\"potentialAction\":[{\"@type\":\"SearchAction\",\"target\":{\"@type\":\"EntryPoint\",\"urlTemplate\":\"https:\/\/vinohauser.ch\/?s={search_term_string}\"},\"query-input\":\"required name=search_term_string\"}],\"inLanguage\":\"de\"},{\"@type\":\"Organization\",\"@id\":\"https:\/\/vinohauser.ch\/#organization\",\"name\":\"Vino Hauser\",\"alternateName\":\"Urs Hauser Vitivinicoltore\",\"url\":\"https:\/\/vinohauser.ch\/\",\"logo\":{\"@type\":\"ImageObject\",\"inLanguage\":\"de\",\"@id\":\"https:\/\/vinohauser.ch\/#\/schema\/logo\/image\/\",\"url\":\"https:\/\/vinohauser.ch\/wp-content\/uploads\/2017\/05\/cropped-favicon_Vino_Hauser.png\",\"contentUrl\":\"https:\/\/vinohauser.ch\/wp-content\/uploads\/2017\/05\/cropped-favicon_Vino_Hauser.png\",\"width\":512,\"height\":512,\"caption\":\"Vino Hauser\"},\"image\":{\"@id\":\"https:\/\/vinohauser.ch\/#\/schema\/logo\/image\/\"}},{\"@type\":\"Person\",\"@id\":\"https:\/\/vinohauser.ch\/#\/schema\/person\/f94540cfdbe3439ba9ba02cbaf70829d\",\"name\":\"Urs Hauser\",\"sameAs\":[\"http:\/\/vinohauser.ch\"]}]}<\/script>\n<!-- \/ Yoast SEO plugin. -->","yoast_head_json":{"title":"News M\u00e4rz","description":"Care amiche e cari amici unserer Weine Dank dem trockenen Wetter im Januar und Februar sind wir mit den j\u00e4hrlichen Winterarbeiten gut vorangekommen, aber","robots":{"index":"index","follow":"follow","max-snippet":"max-snippet:-1","max-image-preview":"max-image-preview:large","max-video-preview":"max-video-preview:-1"},"canonical":"https:\/\/vinohauser.ch\/de\/news-maerz\/","og_locale":"de_DE","og_type":"article","og_title":"News M\u00e4rz","og_description":"Care amiche e cari amici unserer Weine Dank dem trockenen Wetter im Januar und Februar sind wir mit den j\u00e4hrlichen Winterarbeiten gut vorangekommen, aber","og_url":"https:\/\/vinohauser.ch\/de\/news-maerz\/","og_site_name":"Vino Hauser","article_published_time":"2020-03-07T09:59:12+00:00","article_modified_time":"2020-03-07T10:01:18+00:00","og_image":[{"width":1200,"height":630,"url":"https:\/\/vinohauser.ch\/wp-content\/uploads\/2016\/09\/Logo_For_Facebook.jpg","type":"image\/jpeg"}],"author":"Urs Hauser","twitter_card":"summary_large_image","twitter_misc":{"Verfasst von":"Urs Hauser","Gesch\u00e4tzte Lesezeit":"4\u00a0Minuten"},"schema":{"@context":"https:\/\/schema.org","@graph":[{"@type":"Article","@id":"https:\/\/vinohauser.ch\/de\/news-maerz\/#article","isPartOf":{"@id":"https:\/\/vinohauser.ch\/de\/news-maerz\/"},"author":{"name":"Urs Hauser","@id":"https:\/\/vinohauser.ch\/#\/schema\/person\/f94540cfdbe3439ba9ba02cbaf70829d"},"headline":"News M\u00e4rz","datePublished":"2020-03-07T09:59:12+00:00","dateModified":"2020-03-07T10:01:18+00:00","mainEntityOfPage":{"@id":"https:\/\/vinohauser.ch\/de\/news-maerz\/"},"wordCount":786,"publisher":{"@id":"https:\/\/vinohauser.ch\/#organization"},"articleSection":["News"],"inLanguage":"de"},{"@type":"WebPage","@id":"https:\/\/vinohauser.ch\/de\/news-maerz\/","url":"https:\/\/vinohauser.ch\/de\/news-maerz\/","name":"News M\u00e4rz","isPartOf":{"@id":"https:\/\/vinohauser.ch\/#website"},"datePublished":"2020-03-07T09:59:12+00:00","dateModified":"2020-03-07T10:01:18+00:00","description":"Care amiche e cari amici unserer Weine Dank dem trockenen Wetter im Januar und Februar sind wir mit den j\u00e4hrlichen Winterarbeiten gut vorangekommen, aber","breadcrumb":{"@id":"https:\/\/vinohauser.ch\/de\/news-maerz\/#breadcrumb"},"inLanguage":"de","potentialAction":[{"@type":"ReadAction","target":["https:\/\/vinohauser.ch\/de\/news-maerz\/"]}]},{"@type":"BreadcrumbList","@id":"https:\/\/vinohauser.ch\/de\/news-maerz\/#breadcrumb","itemListElement":[{"@type":"ListItem","position":1,"name":"Home","item":"https:\/\/vinohauser.ch\/de\/"},{"@type":"ListItem","position":2,"name":"News M\u00e4rz"}]},{"@type":"WebSite","@id":"https:\/\/vinohauser.ch\/#website","url":"https:\/\/vinohauser.ch\/","name":"Vino Hauser","description":"Urs Hauser Vitivinicoltore","publisher":{"@id":"https:\/\/vinohauser.ch\/#organization"},"alternateName":"Urs Hauser Vitivinicoltore","potentialAction":[{"@type":"SearchAction","target":{"@type":"EntryPoint","urlTemplate":"https:\/\/vinohauser.ch\/?s={search_term_string}"},"query-input":"required name=search_term_string"}],"inLanguage":"de"},{"@type":"Organization","@id":"https:\/\/vinohauser.ch\/#organization","name":"Vino Hauser","alternateName":"Urs Hauser Vitivinicoltore","url":"https:\/\/vinohauser.ch\/","logo":{"@type":"ImageObject","inLanguage":"de","@id":"https:\/\/vinohauser.ch\/#\/schema\/logo\/image\/","url":"https:\/\/vinohauser.ch\/wp-content\/uploads\/2017\/05\/cropped-favicon_Vino_Hauser.png","contentUrl":"https:\/\/vinohauser.ch\/wp-content\/uploads\/2017\/05\/cropped-favicon_Vino_Hauser.png","width":512,"height":512,"caption":"Vino Hauser"},"image":{"@id":"https:\/\/vinohauser.ch\/#\/schema\/logo\/image\/"}},{"@type":"Person","@id":"https:\/\/vinohauser.ch\/#\/schema\/person\/f94540cfdbe3439ba9ba02cbaf70829d","name":"Urs Hauser","sameAs":["http:\/\/vinohauser.ch"]}]}},"_links":{"self":[{"href":"https:\/\/vinohauser.ch\/de\/wp-json\/wp\/v2\/posts\/17049\/"}],"collection":[{"href":"https:\/\/vinohauser.ch\/de\/wp-json\/wp\/v2\/posts\/"}],"about":[{"href":"https:\/\/vinohauser.ch\/de\/wp-json\/wp\/v2\/types\/post\/"}],"author":[{"embeddable":true,"href":"https:\/\/vinohauser.ch\/de\/wp-json\/wp\/v2\/users\/13\/"}],"replies":[{"embeddable":true,"href":"https:\/\/vinohauser.ch\/de\/wp-json\/wp\/v2\/comments\/?post=17049"}],"version-history":[{"count":2,"href":"https:\/\/vinohauser.ch\/de\/wp-json\/wp\/v2\/posts\/17049\/revisions\/"}],"predecessor-version":[{"id":17051,"href":"https:\/\/vinohauser.ch\/de\/wp-json\/wp\/v2\/posts\/17049\/revisions\/17051\/"}],"wp:attachment":[{"href":"https:\/\/vinohauser.ch\/de\/wp-json\/wp\/v2\/media\/?parent=17049"}],"wp:term":[{"taxonomy":"category","embeddable":true,"href":"https:\/\/vinohauser.ch\/de\/wp-json\/wp\/v2\/categories\/?post=17049"},{"taxonomy":"post_tag","embeddable":true,"href":"https:\/\/vinohauser.ch\/de\/wp-json\/wp\/v2\/tags\/?post=17049"}],"curies":[{"name":"wp","href":"https:\/\/api.w.org\/{rel}","templated":true}]}}