{"id":16966,"date":"2019-08-27T14:22:45","date_gmt":"2019-08-27T12:22:45","guid":{"rendered":"https:\/\/vinohauser.ch\/nachste-anlasse\/"},"modified":"2019-09-02T19:38:53","modified_gmt":"2019-09-02T17:38:53","slug":"nachste-anlasse","status":"publish","type":"post","link":"https:\/\/vinohauser.ch\/de\/nachste-anlasse\/","title":{"rendered":"N\u00e4chste Anl\u00e4sse"},"content":{"rendered":"<p>[spb_image image=&#8220;16959&#8243; image_size=&#8220;full&#8220; frame=&#8220;noframe&#8220; caption_pos=&#8220;hover&#8220; remove_rounded=&#8220;yes&#8220; fullwidth=&#8220;no&#8220; overflow_mode=&#8220;none&#8220; link_target=&#8220;_self&#8220; lightbox=&#8220;no&#8220; intro_animation=&#8220;none&#8220; animation_delay=&#8220;200&#8243; width=&#8220;1\/1&#8243; el_position=&#8220;first last&#8220;][\/spb_image] [spb_text_block animation=&#8220;none&#8220; animation_delay=&#8220;0&#8243; simplified_controls=&#8220;yes&#8220; custom_css_percentage=&#8220;no&#8220; padding_vertical=&#8220;0&#8243; padding_horizontal=&#8220;0&#8243; margin_vertical=&#8220;0&#8243; custom_css=&#8220;margin-top: 0px;margin-bottom: 0px;&#8220; border_size=&#8220;0&#8243; border_styling_global=&#8220;default&#8220; width=&#8220;1\/1&#8243; el_position=&#8220;first last&#8220;]<\/p>\n<p>Anl\u00e4sse noch im 2019<\/p>\n<p>3. September 2019,\u00a0<strong>Pr\u00e4sentation Jahrgang 2017,\u00a0<\/strong>Palazzo dei Congressi a Lugano, \u00a0<a href=\"http:\/\/www.ticinowine.ch\" target=\"_blank\" rel=\"noopener noreferrer\">www.ticinowine.ch<\/a><\/p>\n<p>5. bis 8. September 2019,\u00a0<strong>PerBacco a Bellinzona, <\/strong><a href=\"http:\/\/www.perbaccobellinzona.ch\" target=\"_blank\" rel=\"noopener noreferrer\">www.perbaccobellinzona.ch<\/a><\/p>\n<p>12. bis 15 September 2019,\u00a0<strong>Gourmesse a Zurigo <\/strong>mitPatrick Thalmann, Winzerei zur Metzg, Z\u00fcrcher Weinland, <a href=\"http:\/\/www.gourmesse.ch\/\" target=\"_blank\" rel=\"noopener noreferrer\">www.gourmesse.ch<\/a><\/p>\n<p>12. Oktober 2019,\u00a0<strong>Castagnata al Hotel Castello a Ascona, <\/strong><a href=\"http:\/\/www.castello-seeschloss.ch\" target=\"_blank\" rel=\"noopener noreferrer\">www.castello-seeschloss.ch<\/a><\/p>\n<p>26. Oktober bis 3 November 2019,\u00a0<strong>BASLERWEIMESSE in Basel, <\/strong><a href=\"http:\/\/www.baslerweinmesse.ch\" target=\"_blank\" rel=\"noopener noreferrer\">www.baslerweinmesse.ch<\/a><\/p>\n<p>31. Oktober bis 14 November 2019,\u00a0<strong>66. Z\u00fcrcher Wein-Ausstellung<\/strong>, <strong>Weinschiffe,\u00a0<\/strong><a href=\"http:\/\/www.expovina.ch\/\" target=\"_blank\" rel=\"noopener noreferrer\">www.expovina.ch<\/a><\/p>\n<p>06. Dezember 2019, <strong>Offene T\u00fcren in unserem Weingut in Contone ab 17.00\u00a0<\/strong><b>Uhr<\/b><\/p>\n<p>[\/spb_text_block]<\/p>\n","protected":false},"excerpt":{"rendered":"<p>[spb_image image=&#8220;16959&#8243; image_size=&#8220;full&#8220; frame=&#8220;noframe&#8220; caption_pos=&#8220;hover&#8220; remove_rounded=&#8220;yes&#8220; fullwidth=&#8220;no&#8220; overflow_mode=&#8220;none&#8220; link_target=&#8220;_self&#8220; lightbox=&#8220;no&#8220; intro_animation=&#8220;none&#8220; animation_delay=&#8220;200&#8243; width=&#8220;1\/1&#8243; el_position=&#8220;first last&#8220;][\/spb_image] [spb_text_block animation=&#8220;none&#8220; animation_delay=&#8220;0&#8243; simplified_controls=&#8220;yes&#8220; custom_css_percentage=&#8220;no&#8220; padding_vertical=&#8220;0&#8243; padding_horizontal=&#8220;0&#8243; margin_vertical=&#8220;0&#8243; custom_css=&#8220;margin-top: 0px;margin-bottom: 0px;&#8220; border_size=&#8220;0&#8243; border_styling_global=&#8220;default&#8220; width=&#8220;1\/1&#8243; el_position=&#8220;first last&#8220;] Anl\u00e4sse noch im 2019 3. September 2019,\u00a0Pr\u00e4sentation Jahrgang 2017,\u00a0Palazzo dei Congressi a Lugano, \u00a0www.ticinowine.ch 5. bis 8. September 2019,\u00a0PerBacco a Bellinzona, www.perbaccobellinzona.ch 12. bis 15 September 2019,\u00a0Gourmesse a Zurigo [&hellip;]<\/p>\n","protected":false},"author":13,"featured_media":0,"comment_status":"closed","ping_status":"open","sticky":false,"template":"","format":"standard","meta":{"footnotes":""},"categories":[8],"tags":[],"yoast_head":"<!-- This site is optimized with the Yoast SEO plugin v21.3 - https:\/\/yoast.com\/wordpress\/plugins\/seo\/ -->\n<title>N\u00e4chste Anl\u00e4sse<\/title>\n<meta name=\"description\" content=\"Anl\u00e4sse noch im 2019 3. September 2019,\u00a0Pr\u00e4sentation Jahrgang 2017,\u00a0Palazzo dei Congressi a Lugano, \u00a0www.ticinowine.ch 5. bis 8. September 2019,\u00a0PerBacco\" \/>\n<meta name=\"robots\" content=\"index, follow, max-snippet:-1, max-image-preview:large, max-video-preview:-1\" \/>\n<link rel=\"canonical\" href=\"https:\/\/vinohauser.ch\/de\/nachste-anlasse\/\" \/>\n<meta property=\"og:locale\" content=\"de_DE\" \/>\n<meta property=\"og:type\" content=\"article\" \/>\n<meta property=\"og:title\" content=\"N\u00e4chste Anl\u00e4sse\" \/>\n<meta property=\"og:description\" content=\"Anl\u00e4sse noch im 2019 3. September 2019,\u00a0Pr\u00e4sentation Jahrgang 2017,\u00a0Palazzo dei Congressi a Lugano, \u00a0www.ticinowine.ch 5. bis 8. September 2019,\u00a0PerBacco\" \/>\n<meta property=\"og:url\" content=\"https:\/\/vinohauser.ch\/de\/nachste-anlasse\/\" \/>\n<meta property=\"og:site_name\" content=\"Vino Hauser\" \/>\n<meta property=\"article:published_time\" content=\"2019-08-27T12:22:45+00:00\" \/>\n<meta property=\"article:modified_time\" content=\"2019-09-02T17:38:53+00:00\" \/>\n<meta property=\"og:image\" content=\"https:\/\/vinohauser.ch\/wp-content\/uploads\/2016\/09\/Logo_For_Facebook.jpg\" \/>\n\t<meta property=\"og:image:width\" content=\"1200\" \/>\n\t<meta property=\"og:image:height\" content=\"630\" \/>\n\t<meta property=\"og:image:type\" content=\"image\/jpeg\" \/>\n<meta name=\"author\" content=\"Urs Hauser\" \/>\n<meta name=\"twitter:card\" content=\"summary_large_image\" \/>\n<meta name=\"twitter:label1\" content=\"Verfasst von\" \/>\n\t<meta name=\"twitter:data1\" content=\"Urs Hauser\" \/>\n\t<meta name=\"twitter:label2\" content=\"Gesch\u00e4tzte Lesezeit\" \/>\n\t<meta name=\"twitter:data2\" content=\"1\u00a0Minute\" \/>\n<script type=\"application\/ld+json\" class=\"yoast-schema-graph\">{\"@context\":\"https:\/\/schema.org\",\"@graph\":[{\"@type\":\"Article\",\"@id\":\"https:\/\/vinohauser.ch\/de\/nachste-anlasse\/#article\",\"isPartOf\":{\"@id\":\"https:\/\/vinohauser.ch\/de\/nachste-anlasse\/\"},\"author\":{\"name\":\"Urs Hauser\",\"@id\":\"https:\/\/vinohauser.ch\/#\/schema\/person\/f94540cfdbe3439ba9ba02cbaf70829d\"},\"headline\":\"N\u00e4chste Anl\u00e4sse\",\"datePublished\":\"2019-08-27T12:22:45+00:00\",\"dateModified\":\"2019-09-02T17:38:53+00:00\",\"mainEntityOfPage\":{\"@id\":\"https:\/\/vinohauser.ch\/de\/nachste-anlasse\/\"},\"wordCount\":160,\"publisher\":{\"@id\":\"https:\/\/vinohauser.ch\/#organization\"},\"articleSection\":[\"News\"],\"inLanguage\":\"de\"},{\"@type\":\"WebPage\",\"@id\":\"https:\/\/vinohauser.ch\/de\/nachste-anlasse\/\",\"url\":\"https:\/\/vinohauser.ch\/de\/nachste-anlasse\/\",\"name\":\"N\u00e4chste Anl\u00e4sse\",\"isPartOf\":{\"@id\":\"https:\/\/vinohauser.ch\/#website\"},\"datePublished\":\"2019-08-27T12:22:45+00:00\",\"dateModified\":\"2019-09-02T17:38:53+00:00\",\"description\":\"Anl\u00e4sse noch im 2019 3. September 2019,\u00a0Pr\u00e4sentation Jahrgang 2017,\u00a0Palazzo dei Congressi a Lugano, \u00a0www.ticinowine.ch 5. bis 8. September 2019,\u00a0PerBacco\",\"breadcrumb\":{\"@id\":\"https:\/\/vinohauser.ch\/de\/nachste-anlasse\/#breadcrumb\"},\"inLanguage\":\"de\",\"potentialAction\":[{\"@type\":\"ReadAction\",\"target\":[\"https:\/\/vinohauser.ch\/de\/nachste-anlasse\/\"]}]},{\"@type\":\"BreadcrumbList\",\"@id\":\"https:\/\/vinohauser.ch\/de\/nachste-anlasse\/#breadcrumb\",\"itemListElement\":[{\"@type\":\"ListItem\",\"position\":1,\"name\":\"Home\",\"item\":\"https:\/\/vinohauser.ch\/de\/\"},{\"@type\":\"ListItem\",\"position\":2,\"name\":\"N\u00e4chste Anl\u00e4sse\"}]},{\"@type\":\"WebSite\",\"@id\":\"https:\/\/vinohauser.ch\/#website\",\"url\":\"https:\/\/vinohauser.ch\/\",\"name\":\"Vino Hauser\",\"description\":\"Urs Hauser Vitivinicoltore\",\"publisher\":{\"@id\":\"https:\/\/vinohauser.ch\/#organization\"},\"alternateName\":\"Urs Hauser Vitivinicoltore\",\"potentialAction\":[{\"@type\":\"SearchAction\",\"target\":{\"@type\":\"EntryPoint\",\"urlTemplate\":\"https:\/\/vinohauser.ch\/?s={search_term_string}\"},\"query-input\":\"required name=search_term_string\"}],\"inLanguage\":\"de\"},{\"@type\":\"Organization\",\"@id\":\"https:\/\/vinohauser.ch\/#organization\",\"name\":\"Vino Hauser\",\"alternateName\":\"Urs Hauser Vitivinicoltore\",\"url\":\"https:\/\/vinohauser.ch\/\",\"logo\":{\"@type\":\"ImageObject\",\"inLanguage\":\"de\",\"@id\":\"https:\/\/vinohauser.ch\/#\/schema\/logo\/image\/\",\"url\":\"https:\/\/vinohauser.ch\/wp-content\/uploads\/2017\/05\/cropped-favicon_Vino_Hauser.png\",\"contentUrl\":\"https:\/\/vinohauser.ch\/wp-content\/uploads\/2017\/05\/cropped-favicon_Vino_Hauser.png\",\"width\":512,\"height\":512,\"caption\":\"Vino Hauser\"},\"image\":{\"@id\":\"https:\/\/vinohauser.ch\/#\/schema\/logo\/image\/\"}},{\"@type\":\"Person\",\"@id\":\"https:\/\/vinohauser.ch\/#\/schema\/person\/f94540cfdbe3439ba9ba02cbaf70829d\",\"name\":\"Urs Hauser\",\"sameAs\":[\"http:\/\/vinohauser.ch\"]}]}<\/script>\n<!-- \/ Yoast SEO plugin. -->","yoast_head_json":{"title":"N\u00e4chste Anl\u00e4sse","description":"Anl\u00e4sse noch im 2019 3. September 2019,\u00a0Pr\u00e4sentation Jahrgang 2017,\u00a0Palazzo dei Congressi a Lugano, \u00a0www.ticinowine.ch 5. bis 8. September 2019,\u00a0PerBacco","robots":{"index":"index","follow":"follow","max-snippet":"max-snippet:-1","max-image-preview":"max-image-preview:large","max-video-preview":"max-video-preview:-1"},"canonical":"https:\/\/vinohauser.ch\/de\/nachste-anlasse\/","og_locale":"de_DE","og_type":"article","og_title":"N\u00e4chste Anl\u00e4sse","og_description":"Anl\u00e4sse noch im 2019 3. September 2019,\u00a0Pr\u00e4sentation Jahrgang 2017,\u00a0Palazzo dei Congressi a Lugano, \u00a0www.ticinowine.ch 5. bis 8. September 2019,\u00a0PerBacco","og_url":"https:\/\/vinohauser.ch\/de\/nachste-anlasse\/","og_site_name":"Vino Hauser","article_published_time":"2019-08-27T12:22:45+00:00","article_modified_time":"2019-09-02T17:38:53+00:00","og_image":[{"width":1200,"height":630,"url":"https:\/\/vinohauser.ch\/wp-content\/uploads\/2016\/09\/Logo_For_Facebook.jpg","type":"image\/jpeg"}],"author":"Urs Hauser","twitter_card":"summary_large_image","twitter_misc":{"Verfasst von":"Urs Hauser","Gesch\u00e4tzte Lesezeit":"1\u00a0Minute"},"schema":{"@context":"https:\/\/schema.org","@graph":[{"@type":"Article","@id":"https:\/\/vinohauser.ch\/de\/nachste-anlasse\/#article","isPartOf":{"@id":"https:\/\/vinohauser.ch\/de\/nachste-anlasse\/"},"author":{"name":"Urs Hauser","@id":"https:\/\/vinohauser.ch\/#\/schema\/person\/f94540cfdbe3439ba9ba02cbaf70829d"},"headline":"N\u00e4chste Anl\u00e4sse","datePublished":"2019-08-27T12:22:45+00:00","dateModified":"2019-09-02T17:38:53+00:00","mainEntityOfPage":{"@id":"https:\/\/vinohauser.ch\/de\/nachste-anlasse\/"},"wordCount":160,"publisher":{"@id":"https:\/\/vinohauser.ch\/#organization"},"articleSection":["News"],"inLanguage":"de"},{"@type":"WebPage","@id":"https:\/\/vinohauser.ch\/de\/nachste-anlasse\/","url":"https:\/\/vinohauser.ch\/de\/nachste-anlasse\/","name":"N\u00e4chste Anl\u00e4sse","isPartOf":{"@id":"https:\/\/vinohauser.ch\/#website"},"datePublished":"2019-08-27T12:22:45+00:00","dateModified":"2019-09-02T17:38:53+00:00","description":"Anl\u00e4sse noch im 2019 3. September 2019,\u00a0Pr\u00e4sentation Jahrgang 2017,\u00a0Palazzo dei Congressi a Lugano, \u00a0www.ticinowine.ch 5. bis 8. September 2019,\u00a0PerBacco","breadcrumb":{"@id":"https:\/\/vinohauser.ch\/de\/nachste-anlasse\/#breadcrumb"},"inLanguage":"de","potentialAction":[{"@type":"ReadAction","target":["https:\/\/vinohauser.ch\/de\/nachste-anlasse\/"]}]},{"@type":"BreadcrumbList","@id":"https:\/\/vinohauser.ch\/de\/nachste-anlasse\/#breadcrumb","itemListElement":[{"@type":"ListItem","position":1,"name":"Home","item":"https:\/\/vinohauser.ch\/de\/"},{"@type":"ListItem","position":2,"name":"N\u00e4chste Anl\u00e4sse"}]},{"@type":"WebSite","@id":"https:\/\/vinohauser.ch\/#website","url":"https:\/\/vinohauser.ch\/","name":"Vino Hauser","description":"Urs Hauser Vitivinicoltore","publisher":{"@id":"https:\/\/vinohauser.ch\/#organization"},"alternateName":"Urs Hauser Vitivinicoltore","potentialAction":[{"@type":"SearchAction","target":{"@type":"EntryPoint","urlTemplate":"https:\/\/vinohauser.ch\/?s={search_term_string}"},"query-input":"required name=search_term_string"}],"inLanguage":"de"},{"@type":"Organization","@id":"https:\/\/vinohauser.ch\/#organization","name":"Vino Hauser","alternateName":"Urs Hauser Vitivinicoltore","url":"https:\/\/vinohauser.ch\/","logo":{"@type":"ImageObject","inLanguage":"de","@id":"https:\/\/vinohauser.ch\/#\/schema\/logo\/image\/","url":"https:\/\/vinohauser.ch\/wp-content\/uploads\/2017\/05\/cropped-favicon_Vino_Hauser.png","contentUrl":"https:\/\/vinohauser.ch\/wp-content\/uploads\/2017\/05\/cropped-favicon_Vino_Hauser.png","width":512,"height":512,"caption":"Vino Hauser"},"image":{"@id":"https:\/\/vinohauser.ch\/#\/schema\/logo\/image\/"}},{"@type":"Person","@id":"https:\/\/vinohauser.ch\/#\/schema\/person\/f94540cfdbe3439ba9ba02cbaf70829d","name":"Urs Hauser","sameAs":["http:\/\/vinohauser.ch"]}]}},"_links":{"self":[{"href":"https:\/\/vinohauser.ch\/de\/wp-json\/wp\/v2\/posts\/16966\/"}],"collection":[{"href":"https:\/\/vinohauser.ch\/de\/wp-json\/wp\/v2\/posts\/"}],"about":[{"href":"https:\/\/vinohauser.ch\/de\/wp-json\/wp\/v2\/types\/post\/"}],"author":[{"embeddable":true,"href":"https:\/\/vinohauser.ch\/de\/wp-json\/wp\/v2\/users\/13\/"}],"replies":[{"embeddable":true,"href":"https:\/\/vinohauser.ch\/de\/wp-json\/wp\/v2\/comments\/?post=16966"}],"version-history":[{"count":4,"href":"https:\/\/vinohauser.ch\/de\/wp-json\/wp\/v2\/posts\/16966\/revisions\/"}],"predecessor-version":[{"id":16972,"href":"https:\/\/vinohauser.ch\/de\/wp-json\/wp\/v2\/posts\/16966\/revisions\/16972\/"}],"wp:attachment":[{"href":"https:\/\/vinohauser.ch\/de\/wp-json\/wp\/v2\/media\/?parent=16966"}],"wp:term":[{"taxonomy":"category","embeddable":true,"href":"https:\/\/vinohauser.ch\/de\/wp-json\/wp\/v2\/categories\/?post=16966"},{"taxonomy":"post_tag","embeddable":true,"href":"https:\/\/vinohauser.ch\/de\/wp-json\/wp\/v2\/tags\/?post=16966"}],"curies":[{"name":"wp","href":"https:\/\/api.w.org\/{rel}","templated":true}]}}