{"id":16803,"date":"2019-03-19T14:16:40","date_gmt":"2019-03-19T13:16:40","guid":{"rendered":"https:\/\/vinohauser.ch\/?p=16803"},"modified":"2019-04-19T16:20:40","modified_gmt":"2019-04-19T15:20:40","slug":"naechste-anlaesse","status":"publish","type":"post","link":"https:\/\/vinohauser.ch\/de\/naechste-anlaesse\/","title":{"rendered":"N\u00e4chste Anl\u00e4sse"},"content":{"rendered":"<p>[spb_text_block animation=&#8220;none&#8220; animation_delay=&#8220;0&#8243; simplified_controls=&#8220;yes&#8220; custom_css_percentage=&#8220;no&#8220; padding_vertical=&#8220;0&#8243; padding_horizontal=&#8220;0&#8243; margin_vertical=&#8220;0&#8243; custom_css=&#8220;margin-top: 0px;margin-bottom: 0px;&#8220; border_size=&#8220;0&#8243; border_styling_global=&#8220;default&#8220; width=&#8220;2\/3&#8243; el_position=&#8220;first&#8220;]<\/p>\n<p>2019 ist bereits in vollem Gange, die Winterarbeit ist praktisch getan und die neuen Weine sind abf\u00fcllbereit. Bis zu dem Beginn der Vegetationszeit, ab Mitte April, ist es noch relativ ruhig und wir haben Zeit uns an verschiedenen Weinanl\u00e4ssen zu zeigen.<\/p>\n<ul>\n<li>21.-24.M\u00e4rz <strong>WOHGA\u00a0<\/strong>in Winterthur zusammen mit Patrick Thalmann, Winzerei zur Metzg, Z\u00fcrcher Weinland,<\/li>\n<li><span lang=\"DE-CH\">28.M\u00e4rz-4.April\u00a0<b>EXPOVINA PRIMAVERA<\/b>in Z\u00fcrich<\/span><\/li>\n<li>4.und 5.Mai <strong>GUSTO FESTIVAL<\/strong>, Route Gourmande ,Langenthal zusammen mit anderen Tessiner Winzerkollegen.<\/li>\n<\/ul>\n<p>An diesen Weinanl\u00e4ssen werden wir alle unsere Weine zum Verkosten anbieten und w\u00fcrden uns riesig freuen Euch zu begr\u00fcssen!<\/p>\n<p>[\/spb_text_block] [spb_image image=&#8220;16477&#8243; image_size=&#8220;full&#8220; frame=&#8220;noframe&#8220; caption_pos=&#8220;hover&#8220; remove_rounded=&#8220;yes&#8220; fullwidth=&#8220;no&#8220; overflow_mode=&#8220;none&#8220; link_target=&#8220;_self&#8220; lightbox=&#8220;no&#8220; intro_animation=&#8220;none&#8220; animation_delay=&#8220;200&#8243; width=&#8220;1\/3&#8243; el_position=&#8220;last&#8220;][\/spb_image]<\/p>\n","protected":false},"excerpt":{"rendered":"<p>[spb_text_block animation=&#8220;none&#8220; animation_delay=&#8220;0&#8243; simplified_controls=&#8220;yes&#8220; custom_css_percentage=&#8220;no&#8220; padding_vertical=&#8220;0&#8243; padding_horizontal=&#8220;0&#8243; margin_vertical=&#8220;0&#8243; custom_css=&#8220;margin-top: 0px;margin-bottom: 0px;&#8220; border_size=&#8220;0&#8243; border_styling_global=&#8220;default&#8220; width=&#8220;2\/3&#8243; el_position=&#8220;first&#8220;] 2019 ist bereits in vollem Gange, die Winterarbeit ist praktisch getan und die neuen Weine sind abf\u00fcllbereit. Bis zu dem Beginn der Vegetationszeit, ab Mitte April, ist es noch relativ ruhig und wir haben Zeit uns an verschiedenen Weinanl\u00e4ssen zu zeigen. 21.-24.M\u00e4rz WOHGA\u00a0in Winterthur zusammen [&hellip;]<\/p>\n","protected":false},"author":7,"featured_media":14714,"comment_status":"closed","ping_status":"open","sticky":false,"template":"","format":"standard","meta":{"footnotes":""},"categories":[8],"tags":[],"yoast_head":"<!-- This site is optimized with the Yoast SEO plugin v21.3 - https:\/\/yoast.com\/wordpress\/plugins\/seo\/ -->\n<title>N\u00e4chste Anl\u00e4sse<\/title>\n<meta name=\"description\" content=\"2019 ist bereits in vollem Gange, die Winterarbeit ist praktisch getan und die neuen Weine sind abf\u00fcllbereit. Bis zu dem Beginn der Vegetationszeit, ab\" \/>\n<meta name=\"robots\" content=\"index, follow, max-snippet:-1, max-image-preview:large, max-video-preview:-1\" \/>\n<link rel=\"canonical\" href=\"https:\/\/vinohauser.ch\/de\/naechste-anlaesse\/\" \/>\n<meta property=\"og:locale\" content=\"de_DE\" \/>\n<meta property=\"og:type\" content=\"article\" \/>\n<meta property=\"og:title\" content=\"N\u00e4chste Anl\u00e4sse\" \/>\n<meta property=\"og:description\" content=\"2019 ist bereits in vollem Gange, die Winterarbeit ist praktisch getan und die neuen Weine sind abf\u00fcllbereit. Bis zu dem Beginn der Vegetationszeit, ab\" \/>\n<meta property=\"og:url\" content=\"https:\/\/vinohauser.ch\/de\/naechste-anlaesse\/\" \/>\n<meta property=\"og:site_name\" content=\"Vino Hauser\" \/>\n<meta property=\"article:published_time\" content=\"2019-03-19T13:16:40+00:00\" \/>\n<meta property=\"article:modified_time\" content=\"2019-04-19T15:20:40+00:00\" \/>\n<meta property=\"og:image\" content=\"https:\/\/vinohauser.ch\/wp-content\/uploads\/2015\/03\/Degustazione_Cantina_Hauser_2016-1128.jpg\" \/>\n\t<meta property=\"og:image:width\" content=\"2576\" \/>\n\t<meta property=\"og:image:height\" content=\"1719\" \/>\n\t<meta property=\"og:image:type\" content=\"image\/jpeg\" \/>\n<meta name=\"author\" content=\"Sara\" \/>\n<meta name=\"twitter:card\" content=\"summary_large_image\" \/>\n<meta name=\"twitter:label1\" content=\"Verfasst von\" \/>\n\t<meta name=\"twitter:data1\" content=\"Sara\" \/>\n\t<meta name=\"twitter:label2\" content=\"Gesch\u00e4tzte Lesezeit\" \/>\n\t<meta name=\"twitter:data2\" content=\"1\u00a0Minute\" \/>\n<script type=\"application\/ld+json\" class=\"yoast-schema-graph\">{\"@context\":\"https:\/\/schema.org\",\"@graph\":[{\"@type\":\"Article\",\"@id\":\"https:\/\/vinohauser.ch\/de\/naechste-anlaesse\/#article\",\"isPartOf\":{\"@id\":\"https:\/\/vinohauser.ch\/de\/naechste-anlaesse\/\"},\"author\":{\"name\":\"Sara\",\"@id\":\"https:\/\/vinohauser.ch\/#\/schema\/person\/d4c4fadde274ef152548a45974033029\"},\"headline\":\"N\u00e4chste Anl\u00e4sse\",\"datePublished\":\"2019-03-19T13:16:40+00:00\",\"dateModified\":\"2019-04-19T15:20:40+00:00\",\"mainEntityOfPage\":{\"@id\":\"https:\/\/vinohauser.ch\/de\/naechste-anlaesse\/\"},\"wordCount\":177,\"publisher\":{\"@id\":\"https:\/\/vinohauser.ch\/#organization\"},\"articleSection\":[\"News\"],\"inLanguage\":\"de\"},{\"@type\":\"WebPage\",\"@id\":\"https:\/\/vinohauser.ch\/de\/naechste-anlaesse\/\",\"url\":\"https:\/\/vinohauser.ch\/de\/naechste-anlaesse\/\",\"name\":\"N\u00e4chste Anl\u00e4sse\",\"isPartOf\":{\"@id\":\"https:\/\/vinohauser.ch\/#website\"},\"datePublished\":\"2019-03-19T13:16:40+00:00\",\"dateModified\":\"2019-04-19T15:20:40+00:00\",\"description\":\"2019 ist bereits in vollem Gange, die Winterarbeit ist praktisch getan und die neuen Weine sind abf\u00fcllbereit. Bis zu dem Beginn der Vegetationszeit, ab\",\"breadcrumb\":{\"@id\":\"https:\/\/vinohauser.ch\/de\/naechste-anlaesse\/#breadcrumb\"},\"inLanguage\":\"de\",\"potentialAction\":[{\"@type\":\"ReadAction\",\"target\":[\"https:\/\/vinohauser.ch\/de\/naechste-anlaesse\/\"]}]},{\"@type\":\"BreadcrumbList\",\"@id\":\"https:\/\/vinohauser.ch\/de\/naechste-anlaesse\/#breadcrumb\",\"itemListElement\":[{\"@type\":\"ListItem\",\"position\":1,\"name\":\"Home\",\"item\":\"https:\/\/vinohauser.ch\/de\/\"},{\"@type\":\"ListItem\",\"position\":2,\"name\":\"N\u00e4chste Anl\u00e4sse\"}]},{\"@type\":\"WebSite\",\"@id\":\"https:\/\/vinohauser.ch\/#website\",\"url\":\"https:\/\/vinohauser.ch\/\",\"name\":\"Vino Hauser\",\"description\":\"Urs Hauser Vitivinicoltore\",\"publisher\":{\"@id\":\"https:\/\/vinohauser.ch\/#organization\"},\"alternateName\":\"Urs Hauser Vitivinicoltore\",\"potentialAction\":[{\"@type\":\"SearchAction\",\"target\":{\"@type\":\"EntryPoint\",\"urlTemplate\":\"https:\/\/vinohauser.ch\/?s={search_term_string}\"},\"query-input\":\"required name=search_term_string\"}],\"inLanguage\":\"de\"},{\"@type\":\"Organization\",\"@id\":\"https:\/\/vinohauser.ch\/#organization\",\"name\":\"Vino Hauser\",\"alternateName\":\"Urs Hauser Vitivinicoltore\",\"url\":\"https:\/\/vinohauser.ch\/\",\"logo\":{\"@type\":\"ImageObject\",\"inLanguage\":\"de\",\"@id\":\"https:\/\/vinohauser.ch\/#\/schema\/logo\/image\/\",\"url\":\"https:\/\/vinohauser.ch\/wp-content\/uploads\/2017\/05\/cropped-favicon_Vino_Hauser.png\",\"contentUrl\":\"https:\/\/vinohauser.ch\/wp-content\/uploads\/2017\/05\/cropped-favicon_Vino_Hauser.png\",\"width\":512,\"height\":512,\"caption\":\"Vino Hauser\"},\"image\":{\"@id\":\"https:\/\/vinohauser.ch\/#\/schema\/logo\/image\/\"}},{\"@type\":\"Person\",\"@id\":\"https:\/\/vinohauser.ch\/#\/schema\/person\/d4c4fadde274ef152548a45974033029\",\"name\":\"Sara\"}]}<\/script>\n<!-- \/ Yoast SEO plugin. -->","yoast_head_json":{"title":"N\u00e4chste Anl\u00e4sse","description":"2019 ist bereits in vollem Gange, die Winterarbeit ist praktisch getan und die neuen Weine sind abf\u00fcllbereit. Bis zu dem Beginn der Vegetationszeit, ab","robots":{"index":"index","follow":"follow","max-snippet":"max-snippet:-1","max-image-preview":"max-image-preview:large","max-video-preview":"max-video-preview:-1"},"canonical":"https:\/\/vinohauser.ch\/de\/naechste-anlaesse\/","og_locale":"de_DE","og_type":"article","og_title":"N\u00e4chste Anl\u00e4sse","og_description":"2019 ist bereits in vollem Gange, die Winterarbeit ist praktisch getan und die neuen Weine sind abf\u00fcllbereit. Bis zu dem Beginn der Vegetationszeit, ab","og_url":"https:\/\/vinohauser.ch\/de\/naechste-anlaesse\/","og_site_name":"Vino Hauser","article_published_time":"2019-03-19T13:16:40+00:00","article_modified_time":"2019-04-19T15:20:40+00:00","og_image":[{"width":2576,"height":1719,"url":"https:\/\/vinohauser.ch\/wp-content\/uploads\/2015\/03\/Degustazione_Cantina_Hauser_2016-1128.jpg","type":"image\/jpeg"}],"author":"Sara","twitter_card":"summary_large_image","twitter_misc":{"Verfasst von":"Sara","Gesch\u00e4tzte Lesezeit":"1\u00a0Minute"},"schema":{"@context":"https:\/\/schema.org","@graph":[{"@type":"Article","@id":"https:\/\/vinohauser.ch\/de\/naechste-anlaesse\/#article","isPartOf":{"@id":"https:\/\/vinohauser.ch\/de\/naechste-anlaesse\/"},"author":{"name":"Sara","@id":"https:\/\/vinohauser.ch\/#\/schema\/person\/d4c4fadde274ef152548a45974033029"},"headline":"N\u00e4chste Anl\u00e4sse","datePublished":"2019-03-19T13:16:40+00:00","dateModified":"2019-04-19T15:20:40+00:00","mainEntityOfPage":{"@id":"https:\/\/vinohauser.ch\/de\/naechste-anlaesse\/"},"wordCount":177,"publisher":{"@id":"https:\/\/vinohauser.ch\/#organization"},"articleSection":["News"],"inLanguage":"de"},{"@type":"WebPage","@id":"https:\/\/vinohauser.ch\/de\/naechste-anlaesse\/","url":"https:\/\/vinohauser.ch\/de\/naechste-anlaesse\/","name":"N\u00e4chste Anl\u00e4sse","isPartOf":{"@id":"https:\/\/vinohauser.ch\/#website"},"datePublished":"2019-03-19T13:16:40+00:00","dateModified":"2019-04-19T15:20:40+00:00","description":"2019 ist bereits in vollem Gange, die Winterarbeit ist praktisch getan und die neuen Weine sind abf\u00fcllbereit. Bis zu dem Beginn der Vegetationszeit, ab","breadcrumb":{"@id":"https:\/\/vinohauser.ch\/de\/naechste-anlaesse\/#breadcrumb"},"inLanguage":"de","potentialAction":[{"@type":"ReadAction","target":["https:\/\/vinohauser.ch\/de\/naechste-anlaesse\/"]}]},{"@type":"BreadcrumbList","@id":"https:\/\/vinohauser.ch\/de\/naechste-anlaesse\/#breadcrumb","itemListElement":[{"@type":"ListItem","position":1,"name":"Home","item":"https:\/\/vinohauser.ch\/de\/"},{"@type":"ListItem","position":2,"name":"N\u00e4chste Anl\u00e4sse"}]},{"@type":"WebSite","@id":"https:\/\/vinohauser.ch\/#website","url":"https:\/\/vinohauser.ch\/","name":"Vino Hauser","description":"Urs Hauser Vitivinicoltore","publisher":{"@id":"https:\/\/vinohauser.ch\/#organization"},"alternateName":"Urs Hauser Vitivinicoltore","potentialAction":[{"@type":"SearchAction","target":{"@type":"EntryPoint","urlTemplate":"https:\/\/vinohauser.ch\/?s={search_term_string}"},"query-input":"required name=search_term_string"}],"inLanguage":"de"},{"@type":"Organization","@id":"https:\/\/vinohauser.ch\/#organization","name":"Vino Hauser","alternateName":"Urs Hauser Vitivinicoltore","url":"https:\/\/vinohauser.ch\/","logo":{"@type":"ImageObject","inLanguage":"de","@id":"https:\/\/vinohauser.ch\/#\/schema\/logo\/image\/","url":"https:\/\/vinohauser.ch\/wp-content\/uploads\/2017\/05\/cropped-favicon_Vino_Hauser.png","contentUrl":"https:\/\/vinohauser.ch\/wp-content\/uploads\/2017\/05\/cropped-favicon_Vino_Hauser.png","width":512,"height":512,"caption":"Vino Hauser"},"image":{"@id":"https:\/\/vinohauser.ch\/#\/schema\/logo\/image\/"}},{"@type":"Person","@id":"https:\/\/vinohauser.ch\/#\/schema\/person\/d4c4fadde274ef152548a45974033029","name":"Sara"}]}},"_links":{"self":[{"href":"https:\/\/vinohauser.ch\/de\/wp-json\/wp\/v2\/posts\/16803\/"}],"collection":[{"href":"https:\/\/vinohauser.ch\/de\/wp-json\/wp\/v2\/posts\/"}],"about":[{"href":"https:\/\/vinohauser.ch\/de\/wp-json\/wp\/v2\/types\/post\/"}],"author":[{"embeddable":true,"href":"https:\/\/vinohauser.ch\/de\/wp-json\/wp\/v2\/users\/7\/"}],"replies":[{"embeddable":true,"href":"https:\/\/vinohauser.ch\/de\/wp-json\/wp\/v2\/comments\/?post=16803"}],"version-history":[{"count":3,"href":"https:\/\/vinohauser.ch\/de\/wp-json\/wp\/v2\/posts\/16803\/revisions\/"}],"predecessor-version":[{"id":16806,"href":"https:\/\/vinohauser.ch\/de\/wp-json\/wp\/v2\/posts\/16803\/revisions\/16806\/"}],"wp:featuredmedia":[{"embeddable":true,"href":"https:\/\/vinohauser.ch\/de\/wp-json\/wp\/v2\/media\/14714\/"}],"wp:attachment":[{"href":"https:\/\/vinohauser.ch\/de\/wp-json\/wp\/v2\/media\/?parent=16803"}],"wp:term":[{"taxonomy":"category","embeddable":true,"href":"https:\/\/vinohauser.ch\/de\/wp-json\/wp\/v2\/categories\/?post=16803"},{"taxonomy":"post_tag","embeddable":true,"href":"https:\/\/vinohauser.ch\/de\/wp-json\/wp\/v2\/tags\/?post=16803"}],"curies":[{"name":"wp","href":"https:\/\/api.w.org\/{rel}","templated":true}]}}